{"id":2086,"date":"2016-04-13T13:48:20","date_gmt":"2016-04-13T12:48:20","guid":{"rendered":"https:\/\/engel-fuer-kinder.de\/?p=2086"},"modified":"2024-09-19T07:59:46","modified_gmt":"2024-09-19T06:59:46","slug":"bericht-in-oberpfalznetz-ueber-das-benefizkonzert-am-10-04-2016","status":"publish","type":"post","link":"https:\/\/engel-fuer-kinder.de\/en\/blog\/2016\/04\/13\/bericht-in-oberpfalznetz-ueber-das-benefizkonzert-am-10-04-2016\/","title":{"rendered":"Bericht in Oberpfalznetz \u00fcber das Benefizkonzert am 10.04.2016"},"content":{"rendered":"<p>Benefizkonzert des Teenichors am vergangenen Sonntag ein voller Erfolg<\/p>\n<p>&nbsp;<\/p>\n<p>Das Benefizkonzert des Teeniechors am vergangenen Sonntag mit rund 600 Zuh\u00f6rern brachte knapp 3.700 \u20ac f\u00fcr die Stiftung Angels for Children ein. Mit Songs einer gro\u00dfen musikalischen Bandbreite konnte der Chor die Zuh\u00f6rer begeistern. Stiftungsrat Lars Engel zog hier eine Parallele zwischen Angels for Children und Wolfang Ziegler, dem Leiter des Teeniechors, welche beide die positive Entwicklung von Kindern und Jugendlichen f\u00f6rdern \u2013 in Deutschland und Laos.<\/p>\n<p>&nbsp;<\/p>\n<p>Wir m\u00f6chten uns ganz herzlich bei Wolfgang Ziegler und dem Teeniechor bedanken und w\u00fcrden uns freuen, gemeinsam auch n\u00e4chstes Jahr wieder das Benefizkonzert zu veranstalten. Bedanken m\u00f6chten wir uns au\u00dferdem bei allen Spendern, ihnen ein herzliches Vergelt\u2018s Gott!<\/p>\n<p>&nbsp;<\/p>\n<p><a href=\"http:\/\/www.onetz.de\/weiherhammer\/kultur\/im-einklang-schirmitzer-teeniechor-singt-fuer-engel-fuer-kinder-d1659089.html\">http:\/\/www.onetz.de\/weiherhammer\/kultur\/im-einklang-schirmitzer-teeniechor-singt-fuer-engel-fuer-kinder-d1659089.html<\/a><\/p>\n<p><a href=\"https:\/\/engel-fuer-kinder.de\/wp-content\/uploads\/2016\/04\/Teeniechor-Schirmitz-e1460551477848.png\" rel=\"attachment wp-att-2088\"><img fetchpriority=\"high\" decoding=\"async\" class=\"alignnone size-medium wp-image-2088\" src=\"https:\/\/engel-fuer-kinder.de\/wp-content\/uploads\/2016\/04\/Teeniechor-Schirmitz-e1460551477848-300x231.png\" alt=\"Teeniechor Schirmitz\" width=\"300\" height=\"231\" srcset=\"https:\/\/engel-fuer-kinder.de\/en\/wp-content\/uploads\/sites\/2\/2016\/04\/Teeniechor-Schirmitz-e1460551477848-300x231.png 300w, https:\/\/engel-fuer-kinder.de\/en\/wp-content\/uploads\/sites\/2\/2016\/04\/Teeniechor-Schirmitz-e1460551477848-768x592.png 768w, https:\/\/engel-fuer-kinder.de\/en\/wp-content\/uploads\/sites\/2\/2016\/04\/Teeniechor-Schirmitz-e1460551477848-1024x789.png 1024w, https:\/\/engel-fuer-kinder.de\/en\/wp-content\/uploads\/sites\/2\/2016\/04\/Teeniechor-Schirmitz-e1460551477848-71x55.png 71w, https:\/\/engel-fuer-kinder.de\/en\/wp-content\/uploads\/sites\/2\/2016\/04\/Teeniechor-Schirmitz-e1460551477848-680x524.png 680w, https:\/\/engel-fuer-kinder.de\/en\/wp-content\/uploads\/sites\/2\/2016\/04\/Teeniechor-Schirmitz-e1460551477848-200x154.png 200w, https:\/\/engel-fuer-kinder.de\/en\/wp-content\/uploads\/sites\/2\/2016\/04\/Teeniechor-Schirmitz-e1460551477848-340x262.png 340w, https:\/\/engel-fuer-kinder.de\/en\/wp-content\/uploads\/sites\/2\/2016\/04\/Teeniechor-Schirmitz-e1460551477848.png 1033w\" sizes=\"(max-width: 300px) 100vw, 300px\" \/><\/a><\/p>\n<p>&nbsp;<\/p>\n","protected":false},"excerpt":{"rendered":"<p>Benefizkonzert des Teenichors am vergangenen Sonntag ein voller Erfolg &nbsp; Das Benefizkonzert des Teeniechors am vergangenen Sonntag mit rund 600 Zuh\u00f6rern brachte knapp 3.700 \u20ac f\u00fcr die Stiftung Angels for Children ein. Mit Songs einer gro\u00dfen musikalischen Bandbreite konnte der Chor die Zuh\u00f6rer begeistern. Stiftungsrat Lars Engel zog hier eine [&hellip;]<\/p>\n","protected":false},"author":5,"featured_media":2088,"comment_status":"closed","ping_status":"closed","sticky":false,"template":"","format":"standard","meta":{"footnotes":""},"categories":[1],"tags":[],"class_list":["post-2086","post","type-post","status-publish","format-standard","has-post-thumbnail","hentry","category-allgemein"],"yoast_head":"<!-- This site is optimized with the Yoast SEO plugin v24.3 - https:\/\/yoast.com\/wordpress\/plugins\/seo\/ -->\n<title>Bericht in Oberpfalznetz \u00fcber das Benefizkonzert am 10.04.2016 - Angels for Children (EN)<\/title>\n<meta name=\"robots\" content=\"index, follow, max-snippet:-1, max-image-preview:large, max-video-preview:-1\" \/>\n<link rel=\"canonical\" href=\"https:\/\/engel-fuer-kinder.de\/en\/blog\/2016\/04\/13\/bericht-in-oberpfalznetz-ueber-das-benefizkonzert-am-10-04-2016\/\" \/>\n<meta property=\"og:locale\" content=\"en_GB\" \/>\n<meta property=\"og:type\" content=\"article\" \/>\n<meta property=\"og:title\" content=\"Bericht in Oberpfalznetz \u00fcber das Benefizkonzert am 10.04.2016 - Angels for Children (EN)\" \/>\n<meta property=\"og:description\" content=\"Benefizkonzert des Teenichors am vergangenen Sonntag ein voller Erfolg &nbsp; Das Benefizkonzert des Teeniechors am vergangenen Sonntag mit rund 600 Zuh\u00f6rern brachte knapp 3.700 \u20ac f\u00fcr die Stiftung Angels for Children ein. Mit Songs einer gro\u00dfen musikalischen Bandbreite konnte der Chor die Zuh\u00f6rer begeistern. Stiftungsrat Lars Engel zog hier eine [&hellip;]\" \/>\n<meta property=\"og:url\" content=\"https:\/\/engel-fuer-kinder.de\/en\/blog\/2016\/04\/13\/bericht-in-oberpfalznetz-ueber-das-benefizkonzert-am-10-04-2016\/\" \/>\n<meta property=\"og:site_name\" content=\"Angels for Children (EN)\" \/>\n<meta property=\"article:published_time\" content=\"2016-04-13T12:48:20+00:00\" \/>\n<meta property=\"article:modified_time\" content=\"2024-09-19T06:59:46+00:00\" \/>\n<meta property=\"og:image\" content=\"https:\/\/engel-fuer-kinder.de\/en\/wp-content\/uploads\/sites\/2\/2016\/04\/Teeniechor-Schirmitz-e1460551477848.png\" \/>\n\t<meta property=\"og:image:width\" content=\"1033\" \/>\n\t<meta property=\"og:image:height\" content=\"796\" \/>\n\t<meta property=\"og:image:type\" content=\"image\/png\" \/>\n<meta name=\"author\" content=\"Carina Stark\" \/>\n<meta name=\"twitter:card\" content=\"summary_large_image\" \/>\n<meta name=\"twitter:label1\" content=\"Written by\" \/>\n\t<meta name=\"twitter:data1\" content=\"Carina Stark\" \/>\n\t<meta name=\"twitter:label2\" content=\"Estimated reading time\" \/>\n\t<meta name=\"twitter:data2\" content=\"1 minute\" \/>\n<script type=\"application\/ld+json\" class=\"yoast-schema-graph\">{\"@context\":\"https:\/\/schema.org\",\"@graph\":[{\"@type\":\"WebPage\",\"@id\":\"https:\/\/engel-fuer-kinder.de\/en\/blog\/2016\/04\/13\/bericht-in-oberpfalznetz-ueber-das-benefizkonzert-am-10-04-2016\/\",\"url\":\"https:\/\/engel-fuer-kinder.de\/en\/blog\/2016\/04\/13\/bericht-in-oberpfalznetz-ueber-das-benefizkonzert-am-10-04-2016\/\",\"name\":\"Bericht in Oberpfalznetz \u00fcber das Benefizkonzert am 10.04.2016 - Angels for Children (EN)\",\"isPartOf\":{\"@id\":\"https:\/\/engel-fuer-kinder.de\/en\/#website\"},\"primaryImageOfPage\":{\"@id\":\"https:\/\/engel-fuer-kinder.de\/en\/blog\/2016\/04\/13\/bericht-in-oberpfalznetz-ueber-das-benefizkonzert-am-10-04-2016\/#primaryimage\"},\"image\":{\"@id\":\"https:\/\/engel-fuer-kinder.de\/en\/blog\/2016\/04\/13\/bericht-in-oberpfalznetz-ueber-das-benefizkonzert-am-10-04-2016\/#primaryimage\"},\"thumbnailUrl\":\"https:\/\/engel-fuer-kinder.de\/en\/wp-content\/uploads\/sites\/2\/2016\/04\/Teeniechor-Schirmitz-e1460551477848.png\",\"datePublished\":\"2016-04-13T12:48:20+00:00\",\"dateModified\":\"2024-09-19T06:59:46+00:00\",\"author\":{\"@id\":\"https:\/\/engel-fuer-kinder.de\/en\/#\/schema\/person\/8d8a3c42fa06bbfa039132c80477e91c\"},\"inLanguage\":\"en-GB\",\"potentialAction\":[{\"@type\":\"ReadAction\",\"target\":[\"https:\/\/engel-fuer-kinder.de\/en\/blog\/2016\/04\/13\/bericht-in-oberpfalznetz-ueber-das-benefizkonzert-am-10-04-2016\/\"]}]},{\"@type\":\"ImageObject\",\"inLanguage\":\"en-GB\",\"@id\":\"https:\/\/engel-fuer-kinder.de\/en\/blog\/2016\/04\/13\/bericht-in-oberpfalznetz-ueber-das-benefizkonzert-am-10-04-2016\/#primaryimage\",\"url\":\"https:\/\/engel-fuer-kinder.de\/en\/wp-content\/uploads\/sites\/2\/2016\/04\/Teeniechor-Schirmitz-e1460551477848.png\",\"contentUrl\":\"https:\/\/engel-fuer-kinder.de\/en\/wp-content\/uploads\/sites\/2\/2016\/04\/Teeniechor-Schirmitz-e1460551477848.png\",\"width\":1033,\"height\":796},{\"@type\":\"WebSite\",\"@id\":\"https:\/\/engel-fuer-kinder.de\/en\/#website\",\"url\":\"https:\/\/engel-fuer-kinder.de\/en\/\",\"name\":\"Angels for Children (EN)\",\"description\":\"Angels for Children\",\"potentialAction\":[{\"@type\":\"SearchAction\",\"target\":{\"@type\":\"EntryPoint\",\"urlTemplate\":\"https:\/\/engel-fuer-kinder.de\/en\/?s={search_term_string}\"},\"query-input\":{\"@type\":\"PropertyValueSpecification\",\"valueRequired\":true,\"valueName\":\"search_term_string\"}}],\"inLanguage\":\"en-GB\"},{\"@type\":\"Person\",\"@id\":\"https:\/\/engel-fuer-kinder.de\/en\/#\/schema\/person\/8d8a3c42fa06bbfa039132c80477e91c\",\"name\":\"Carina Stark\",\"url\":\"https:\/\/engel-fuer-kinder.de\/en\/blog\/author\/carinastark\/\"}]}<\/script>\n<!-- \/ Yoast SEO plugin. -->","yoast_head_json":{"title":"Bericht in Oberpfalznetz \u00fcber das Benefizkonzert am 10.04.2016 - Angels for Children (EN)","robots":{"index":"index","follow":"follow","max-snippet":"max-snippet:-1","max-image-preview":"max-image-preview:large","max-video-preview":"max-video-preview:-1"},"canonical":"https:\/\/engel-fuer-kinder.de\/en\/blog\/2016\/04\/13\/bericht-in-oberpfalznetz-ueber-das-benefizkonzert-am-10-04-2016\/","og_locale":"en_GB","og_type":"article","og_title":"Bericht in Oberpfalznetz \u00fcber das Benefizkonzert am 10.04.2016 - Angels for Children (EN)","og_description":"Benefizkonzert des Teenichors am vergangenen Sonntag ein voller Erfolg &nbsp; Das Benefizkonzert des Teeniechors am vergangenen Sonntag mit rund 600 Zuh\u00f6rern brachte knapp 3.700 \u20ac f\u00fcr die Stiftung Angels for Children ein. Mit Songs einer gro\u00dfen musikalischen Bandbreite konnte der Chor die Zuh\u00f6rer begeistern. Stiftungsrat Lars Engel zog hier eine [&hellip;]","og_url":"https:\/\/engel-fuer-kinder.de\/en\/blog\/2016\/04\/13\/bericht-in-oberpfalznetz-ueber-das-benefizkonzert-am-10-04-2016\/","og_site_name":"Angels for Children (EN)","article_published_time":"2016-04-13T12:48:20+00:00","article_modified_time":"2024-09-19T06:59:46+00:00","og_image":[{"width":1033,"height":796,"url":"https:\/\/engel-fuer-kinder.de\/en\/wp-content\/uploads\/sites\/2\/2016\/04\/Teeniechor-Schirmitz-e1460551477848.png","type":"image\/png"}],"author":"Carina Stark","twitter_card":"summary_large_image","twitter_misc":{"Written by":"Carina Stark","Estimated reading time":"1 minute"},"schema":{"@context":"https:\/\/schema.org","@graph":[{"@type":"WebPage","@id":"https:\/\/engel-fuer-kinder.de\/en\/blog\/2016\/04\/13\/bericht-in-oberpfalznetz-ueber-das-benefizkonzert-am-10-04-2016\/","url":"https:\/\/engel-fuer-kinder.de\/en\/blog\/2016\/04\/13\/bericht-in-oberpfalznetz-ueber-das-benefizkonzert-am-10-04-2016\/","name":"Bericht in Oberpfalznetz \u00fcber das Benefizkonzert am 10.04.2016 - Angels for Children (EN)","isPartOf":{"@id":"https:\/\/engel-fuer-kinder.de\/en\/#website"},"primaryImageOfPage":{"@id":"https:\/\/engel-fuer-kinder.de\/en\/blog\/2016\/04\/13\/bericht-in-oberpfalznetz-ueber-das-benefizkonzert-am-10-04-2016\/#primaryimage"},"image":{"@id":"https:\/\/engel-fuer-kinder.de\/en\/blog\/2016\/04\/13\/bericht-in-oberpfalznetz-ueber-das-benefizkonzert-am-10-04-2016\/#primaryimage"},"thumbnailUrl":"https:\/\/engel-fuer-kinder.de\/en\/wp-content\/uploads\/sites\/2\/2016\/04\/Teeniechor-Schirmitz-e1460551477848.png","datePublished":"2016-04-13T12:48:20+00:00","dateModified":"2024-09-19T06:59:46+00:00","author":{"@id":"https:\/\/engel-fuer-kinder.de\/en\/#\/schema\/person\/8d8a3c42fa06bbfa039132c80477e91c"},"inLanguage":"en-GB","potentialAction":[{"@type":"ReadAction","target":["https:\/\/engel-fuer-kinder.de\/en\/blog\/2016\/04\/13\/bericht-in-oberpfalznetz-ueber-das-benefizkonzert-am-10-04-2016\/"]}]},{"@type":"ImageObject","inLanguage":"en-GB","@id":"https:\/\/engel-fuer-kinder.de\/en\/blog\/2016\/04\/13\/bericht-in-oberpfalznetz-ueber-das-benefizkonzert-am-10-04-2016\/#primaryimage","url":"https:\/\/engel-fuer-kinder.de\/en\/wp-content\/uploads\/sites\/2\/2016\/04\/Teeniechor-Schirmitz-e1460551477848.png","contentUrl":"https:\/\/engel-fuer-kinder.de\/en\/wp-content\/uploads\/sites\/2\/2016\/04\/Teeniechor-Schirmitz-e1460551477848.png","width":1033,"height":796},{"@type":"WebSite","@id":"https:\/\/engel-fuer-kinder.de\/en\/#website","url":"https:\/\/engel-fuer-kinder.de\/en\/","name":"Angels for Children (EN)","description":"Angels for Children","potentialAction":[{"@type":"SearchAction","target":{"@type":"EntryPoint","urlTemplate":"https:\/\/engel-fuer-kinder.de\/en\/?s={search_term_string}"},"query-input":{"@type":"PropertyValueSpecification","valueRequired":true,"valueName":"search_term_string"}}],"inLanguage":"en-GB"},{"@type":"Person","@id":"https:\/\/engel-fuer-kinder.de\/en\/#\/schema\/person\/8d8a3c42fa06bbfa039132c80477e91c","name":"Carina Stark","url":"https:\/\/engel-fuer-kinder.de\/en\/blog\/author\/carinastark\/"}]}},"_links":{"self":[{"href":"https:\/\/engel-fuer-kinder.de\/en\/wp-json\/wp\/v2\/posts\/2086","targetHints":{"allow":["GET"]}}],"collection":[{"href":"https:\/\/engel-fuer-kinder.de\/en\/wp-json\/wp\/v2\/posts"}],"about":[{"href":"https:\/\/engel-fuer-kinder.de\/en\/wp-json\/wp\/v2\/types\/post"}],"author":[{"embeddable":true,"href":"https:\/\/engel-fuer-kinder.de\/en\/wp-json\/wp\/v2\/users\/5"}],"replies":[{"embeddable":true,"href":"https:\/\/engel-fuer-kinder.de\/en\/wp-json\/wp\/v2\/comments?post=2086"}],"version-history":[{"count":3,"href":"https:\/\/engel-fuer-kinder.de\/en\/wp-json\/wp\/v2\/posts\/2086\/revisions"}],"predecessor-version":[{"id":2091,"href":"https:\/\/engel-fuer-kinder.de\/en\/wp-json\/wp\/v2\/posts\/2086\/revisions\/2091"}],"wp:featuredmedia":[{"embeddable":true,"href":"https:\/\/engel-fuer-kinder.de\/en\/wp-json\/wp\/v2\/media\/2088"}],"wp:attachment":[{"href":"https:\/\/engel-fuer-kinder.de\/en\/wp-json\/wp\/v2\/media?parent=2086"}],"wp:term":[{"taxonomy":"category","embeddable":true,"href":"https:\/\/engel-fuer-kinder.de\/en\/wp-json\/wp\/v2\/categories?post=2086"},{"taxonomy":"post_tag","embeddable":true,"href":"https:\/\/engel-fuer-kinder.de\/en\/wp-json\/wp\/v2\/tags?post=2086"}],"curies":[{"name":"wp","href":"https:\/\/api.w.org\/{rel}","templated":true}]}}